{"id":1849,"date":"2018-11-19T22:44:11","date_gmt":"2018-11-19T21:44:11","guid":{"rendered":"https:\/\/riks.ungoteket.se\/orientering\/?p=1849"},"modified":"2018-11-19T23:01:45","modified_gmt":"2018-11-19T22:01:45","slug":"vilken-ar-den-gemensamma-namnaren-for-ol-rounden-2013-idreveckan-och-iof-youth-development-commission","status":"publish","type":"post","link":"https:\/\/riks.ungoteket.se\/orientering\/2018\/11\/19\/vilken-ar-den-gemensamma-namnaren-for-ol-rounden-2013-idreveckan-och-iof-youth-development-commission\/","title":{"rendered":"Vilken \u00e4r den gemensamma n\u00e4mnaren f\u00f6r OL-Rounden, Idreveckan och IOF Youth Development Commission?"},"content":{"rendered":"<p>Denna vecka presenterar vi Ungoteket Riks kursledare f\u00f6r inriktningen Arrangemang &#8211; t\u00e4vlingsledning. Det \u00e4r en minst sagt erfaren f\u00f6reningsengagerad tjej med r\u00f6tterna i OK Hedstr\u00f6mmen som vi lyckats rekrytera f\u00f6r uppdraget. Den gemensamma n\u00e4mnaren f\u00f6r OL-Rounden, Idreveckan och IOF Youth Development Commission hittar ni i Johanna Mikkel\u00e4.<\/p>\n<p>L\u00e4s om Johanna och hennes inspirerande bakgrund p\u00e5 sidan f\u00f6r <a href=\"https:\/\/riks.ungoteket.se\/orientering\/kursledare\/\">Kursledare<\/a>.<\/p>\n<div id=\"attachment_1846\" style=\"width: 310px\" class=\"wp-caption alignnone\"><img loading=\"lazy\" decoding=\"async\" aria-describedby=\"caption-attachment-1846\" class=\"wp-image-1846 size-medium\" src=\"https:\/\/riks.ungoteket.se\/orientering\/wp-content\/uploads\/sites\/2\/2018\/11\/Johanna-Mikkel\u00e4-300x300.jpg\" alt=\"\" width=\"300\" height=\"300\" srcset=\"https:\/\/riks.ungoteket.se\/orientering\/wp-content\/uploads\/sites\/2\/2018\/11\/Johanna-Mikkel\u00e4-300x300.jpg 300w, https:\/\/riks.ungoteket.se\/orientering\/wp-content\/uploads\/sites\/2\/2018\/11\/Johanna-Mikkel\u00e4-80x80.jpg 80w, https:\/\/riks.ungoteket.se\/orientering\/wp-content\/uploads\/sites\/2\/2018\/11\/Johanna-Mikkel\u00e4-36x36.jpg 36w, https:\/\/riks.ungoteket.se\/orientering\/wp-content\/uploads\/sites\/2\/2018\/11\/Johanna-Mikkel\u00e4-180x180.jpg 180w, https:\/\/riks.ungoteket.se\/orientering\/wp-content\/uploads\/sites\/2\/2018\/11\/Johanna-Mikkel\u00e4-120x120.jpg 120w, https:\/\/riks.ungoteket.se\/orientering\/wp-content\/uploads\/sites\/2\/2018\/11\/Johanna-Mikkel\u00e4-450x450.jpg 450w, https:\/\/riks.ungoteket.se\/orientering\/wp-content\/uploads\/sites\/2\/2018\/11\/Johanna-Mikkel\u00e4.jpg 480w\" sizes=\"(max-width: 300px) 100vw, 300px\" \/><p id=\"caption-attachment-1846\" class=\"wp-caption-text\">Kursledare inriktning Arrangemang: Johanna Mikkel\u00e4<\/p><\/div>\n","protected":false},"excerpt":{"rendered":"<p>Denna vecka presenterar vi Ungoteket Riks kursledare f\u00f6r inriktningen Arrangemang &#8211; t\u00e4vlingsledning. Det \u00e4r en minst sagt erfaren f\u00f6reningsengagerad tjej med r\u00f6tterna i OK Hedstr\u00f6mmen som vi lyckats rekrytera f\u00f6r uppdraget. Den gemensamma n\u00e4mnaren f\u00f6r OL-Rounden, Idreveckan och IOF Youth Development Commission hittar ni i Johanna Mikkel\u00e4. L\u00e4s om Johanna och hennes inspirerande bakgrund p\u00e5 [&hellip;]<\/p>\n","protected":false},"author":1,"featured_media":1855,"comment_status":"closed","ping_status":"closed","sticky":false,"template":"","format":"standard","meta":{"footnotes":""},"categories":[1],"tags":[],"_links":{"self":[{"href":"https:\/\/riks.ungoteket.se\/orientering\/wp-json\/wp\/v2\/posts\/1849"}],"collection":[{"href":"https:\/\/riks.ungoteket.se\/orientering\/wp-json\/wp\/v2\/posts"}],"about":[{"href":"https:\/\/riks.ungoteket.se\/orientering\/wp-json\/wp\/v2\/types\/post"}],"author":[{"embeddable":true,"href":"https:\/\/riks.ungoteket.se\/orientering\/wp-json\/wp\/v2\/users\/1"}],"replies":[{"embeddable":true,"href":"https:\/\/riks.ungoteket.se\/orientering\/wp-json\/wp\/v2\/comments?post=1849"}],"version-history":[{"count":4,"href":"https:\/\/riks.ungoteket.se\/orientering\/wp-json\/wp\/v2\/posts\/1849\/revisions"}],"predecessor-version":[{"id":1856,"href":"https:\/\/riks.ungoteket.se\/orientering\/wp-json\/wp\/v2\/posts\/1849\/revisions\/1856"}],"wp:featuredmedia":[{"embeddable":true,"href":"https:\/\/riks.ungoteket.se\/orientering\/wp-json\/wp\/v2\/media\/1855"}],"wp:attachment":[{"href":"https:\/\/riks.ungoteket.se\/orientering\/wp-json\/wp\/v2\/media?parent=1849"}],"wp:term":[{"taxonomy":"category","embeddable":true,"href":"https:\/\/riks.ungoteket.se\/orientering\/wp-json\/wp\/v2\/categories?post=1849"},{"taxonomy":"post_tag","embeddable":true,"href":"https:\/\/riks.ungoteket.se\/orientering\/wp-json\/wp\/v2\/tags?post=1849"}],"curies":[{"name":"wp","href":"https:\/\/api.w.org\/{rel}","templated":true}]}}